{"id":126,"date":"2021-11-14T15:34:29","date_gmt":"2021-11-14T15:34:29","guid":{"rendered":"https:\/\/lavuj.com\/?p=126"},"modified":"2022-01-20T15:12:14","modified_gmt":"2022-01-20T15:12:14","slug":"co-pomaha-proti-vraskam-kolem-ust","status":"publish","type":"post","link":"https:\/\/lavuj.com\/cs\/co-pomaha-proti-vraskam-kolem-ust\/","title":{"rendered":"Co pom\u00e1h\u00e1 proti vr\u00e1sk\u00e1m kolem \u00fast?"},"content":{"rendered":"<p>Sm\u00edch je zdrav\u00fd a kr\u00e1sn\u00fd! Je nepochybn\u011b dobr\u00fd pro du\u0161i. Ale bohu\u017eel mimika obli\u010deje \u010dasem zp\u016fsobuje nevzhledn\u00e9 vr\u00e1sky. Zejm\u00e9na nepopul\u00e1rn\u00ed vr\u00e1sky na \u00fastech! Smutnou zpr\u00e1vou je: ji\u017e od 20. roku \u017eivota poko\u017eka pomalu ztr\u00e1c\u00ed strukturu a pru\u017enost. A od 30 let se ji\u017e p\u0159irozen\u00fd proces st\u00e1rnut\u00ed projevuje v podob\u011b vr\u00e1sek. <a href=\"https:\/\/lavuj.com\/cs\/vrasky-na-obliceji-jak-vznikaji-a-co-pomaha\/\">Vr\u00e1sky na obli\u010deji<\/a> nap\u0159\u00edklad v okol\u00ed \u00fast. Ale nem\u011bli byste se u\u017e nikdy sm\u00e1t? Rozhodn\u011b ne! Existuje dostatek trik\u016f, jak nep\u0159\u00edjemn\u00e9mu procesu st\u00e1rnut\u00ed pleti \u010delit. Zde se dozv\u00edte, co pom\u00e1h\u00e1 a \u010deho byste se m\u011bli vyvarovat!<\/p>\n\n\n\n<h2 class=\"wp-block-heading\" id=\"h-das-sind-die-symptome\"><strong>Toto jsou p\u0159\u00edznaky<\/strong><\/h2>\n\n\n\n<p>Nevzhledn\u00e9 vr\u00e1sky kolem \u00fast a vr\u00e1sky na rtech jsou zp\u016fsobeny v\u011bkem podm\u00edn\u011bn\u00fdm rozkladem kyseliny hyaluronov\u00e9 a kolagenu v hlubok\u00fdch vrstv\u00e1ch k\u016f\u017ee, kter\u00e9 jsou zodpov\u011bdn\u00e9 za pevnost a mladistv\u00fd vzhled poko\u017eky. Proto\u017ee struktur\u00e1ln\u00ed kostra k\u016f\u017ee ztr\u00e1c\u00ed stabilitu v d\u016fsledku klesaj\u00edc\u00ed tvorby kolagenu a zral\u00e1 k\u016f\u017ee ukl\u00e1d\u00e1 v bu\u0148k\u00e1ch m\u00e9n\u011b vlhkosti v d\u016fsledku klesaj\u00edc\u00ed aktivity mazov\u00fdch \u017el\u00e1z, objevuj\u00ed se \u010dasem vr\u00e1sky kolem \u00fast. Klasick\u00fdmi doprovodn\u00fdmi p\u0159\u00edznaky jsou suchost a citlivost poko\u017eky. <\/p>\n\n\n\n<p>Na vin\u011b v\u0161ak nen\u00ed jen zm\u011bna metabolismu k\u016f\u017ee, ale tak\u00e9 v\u00fdraz tv\u00e1\u0159e. Bu\u010f sm\u00edchem, nebo nap\u0159\u00edklad \u010dast\u00fdm \u0161pulen\u00edm rt\u016f p\u0159i kou\u0159en\u00ed. Nasolabi\u00e1ln\u00ed vr\u00e1sky jsou vr\u00e1sky, kter\u00e9 se tvo\u0159\u00ed kolem \u00fast. Bohu\u017eel mohou rychle zp\u016fsobit, \u017ee v\u00fdraz obli\u010deje vypad\u00e1 napjat\u011b a zlostn\u011b, ale p\u0159edev\u0161\u00edm celkov\u011b zest\u00e1rnou, a proto jimi zejm\u00e9na mnoho mlad\u00fdch lid\u00ed velmi trp\u00ed. M\u00edrn\u011b v\u00fdrazn\u00e9 vr\u00e1sky, kter\u00e9 jsou viditeln\u00e9 pouze p\u0159i jednotliv\u00fdch pohybech obli\u010deje, se \u010dasto \u010dasem vyvinou v hlub\u0161\u00ed vr\u00e1sky, kter\u00e9 z\u016fst\u00e1vaj\u00ed.<\/p>\n\n\n\n<h2 class=\"wp-block-heading\" id=\"h-in-welcher-form-konnen-falten-um-den-mundbereich-entstehen\"><strong>Jakou podobu mohou m\u00edt vr\u00e1sky v oblasti \u00fast?<\/strong><\/h2>\n\n\n\n<figure class=\"wp-block-image size-full is-resized\"><img loading=\"lazy\" decoding=\"async\" src=\"https:\/\/lavuj.com\/wp-content\/uploads\/2021\/11\/Falten-um-den-Mund.jpg\" alt=\"Vr\u00e1sky kolem \u00fast\" class=\"wp-image-129\" width=\"640\" height=\"506\" srcset=\"https:\/\/lavuj.com\/wp-content\/uploads\/2021\/11\/Falten-um-den-Mund.jpg 732w, https:\/\/lavuj.com\/wp-content\/uploads\/2021\/11\/Falten-um-den-Mund-600x475.jpg 600w, https:\/\/lavuj.com\/wp-content\/uploads\/2021\/11\/Falten-um-den-Mund-300x237.jpg 300w\" sizes=\"auto, (max-width: 640px) 100vw, 640px\" \/><\/figure>\n\n\n\n<ul class=\"wp-block-list\"><li><strong>Nosoretn\u00ed z\u00e1hyby<\/strong>Tak se naz\u00fdvaj\u00ed vr\u00e1sky mezi nosem a \u00fastn\u00edm koutkem, kter\u00e9 se t\u00e1hnou paprskovit\u011b kolem \u00fast. Nevzhledn\u00e9 nazolabi\u00e1ln\u00ed vr\u00e1sky zp\u016fsobuj\u00ed, \u017ee obli\u010dej vypad\u00e1 star\u0161\u00ed a vytv\u00e1\u0159\u00ed nevrl\u00fd v\u00fdraz.<\/li><li><strong>Perior\u00e1ln\u00ed vr\u00e1sky<\/strong>: Jedn\u00e1 se o vr\u00e1sky mezi nosem a horn\u00edm rtem. \u0158\u00edk\u00e1 se jim tak\u00e9 vr\u00e1sky vr\u00e1sek, plisovan\u00e9 vr\u00e1sky nebo ku\u0159\u00e1ck\u00e9 vr\u00e1sky, proto\u017ee jsou zp\u016fsobeny \u010dast\u00fdm \u0161pulen\u00edm rt\u016f.<\/li><li><strong>Vr\u00e1sky na rtech<\/strong>Obl\u00edben\u00e9 jsou tak\u00e9 p\u0159i kou\u0159en\u00ed. Rt\u011bnka se v nich m\u016f\u017ee nevzhledn\u011b usazovat.<\/li><li><strong>Vr\u00e1sky v koutc\u00edch \u00fast<\/strong>Jejich vzhled opticky prodlu\u017euje koutky \u00fast a stahuje je sm\u011brem dol\u016f. \u0158\u00edk\u00e1 se jim tak\u00e9 mentolabiln\u00ed nebo marionetov\u00e9 vr\u00e1sky, proto\u017ee d\u00edky nim obli\u010dej vypad\u00e1 jako loutka.<\/li><li><strong>P\u0159\u00ed\u010dn\u00e9 vr\u00e1sky mezi bradou a spodn\u00edm rtem<\/strong>Mohou b\u00fdt tak\u00e9 ve v\u011bt\u0161\u00ed \u010di men\u0161\u00ed m\u00ed\u0159e velmi ru\u0161iv\u00e9.&nbsp;<\/li><li><strong>te\u010dkovit\u00e9 vta\u017een\u00ed k\u016f\u017ee na brad\u011b<\/strong>: Jsou tak\u00e9 zn\u00e1m\u00e9 jako reli\u00e9fn\u00ed dla\u017eba nebo jahodov\u00e1 brada.<\/li><li><strong>Ztr\u00e1ta objemu horn\u00edho a\/nebo doln\u00edho rtu<\/strong>V\u0161ichni chceme m\u00edt co nejv\u011bt\u0161\u00ed objem rt\u016f, \u017ee? Proto\u017ee na\u0161pulen\u00e9 rty znamenaj\u00ed mladistvost!<\/li><\/ul>\n\n\n\n<h2 class=\"wp-block-heading\" id=\"h-das-hilft-bei-falten-um-den-mund\"><strong>Pom\u00e1h\u00e1 to na vr\u00e1sky kolem \u00fast!<\/strong><\/h2>\n\n\n\n<p>Ka\u017ed\u00fd \u010dasem zest\u00e1rne. To je zcela norm\u00e1ln\u00ed. Ale na\u0161t\u011bst\u00ed lze nepopul\u00e1rn\u00ed proces st\u00e1rnut\u00ed pom\u011brn\u011b odd\u00e1lit. D\u00edky zdrav\u00e9mu \u017eivotn\u00edmu stylu, d\u016fsledn\u00e9 ochran\u011b p\u0159ed sluncem a p\u00e9\u010di s kvalitn\u00edmi produkty. <a href=\"https:\/\/lavuj.com\/cs\/co-je-anti-aging\/\">Anti Aging<\/a> produkty. Zde najdete spr\u00e1vn\u00e9 rady a doporu\u010den\u00ed, jak p\u0159edch\u00e1zet vr\u00e1sk\u00e1m kolem \u00fast!<\/p>\n\n\n\n<h3 class=\"wp-block-heading\" id=\"h-das-kannst-du-tun\">Tohle m\u016f\u017eete ud\u011blat:<\/h3>\n\n\n\n<ul class=\"wp-block-list\"><li><strong>Hodn\u011b pijte<\/strong>Ale samoz\u0159ejm\u011b ne alkohol, ale nejl\u00e9pe \u010distou vodu! Nejen\u017ee to prosp\u011bje krevn\u00edmu ob\u011bhu a metabolismu, ale tak\u00e9 se p\u0159irozenou cestou dopln\u00ed rovnov\u00e1ha vlhkosti poko\u017eky.<\/li><li><strong>Vyv\u00e1\u017een\u00fd <a href=\"https:\/\/lavuj.com\/cs\/vyziva-stay-young\/\">V\u00fd\u017eiva<\/a><\/strong>Zdrav\u00e1 strava bohat\u00e1 na vitam\u00edny, s dostatkem ovoce a zeleniny, kvalitn\u00edmi b\u00edlkovinami z lu\u0161t\u011bnin a s\u00f3jov\u00fdch v\u00fdrobk\u016f, velk\u00fdm pod\u00edlem polynenasycen\u00fdch mastn\u00fdch kyselin a mal\u00fdm mno\u017estv\u00edm \u017eivo\u010di\u0161n\u00fdch tuk\u016f a pr\u016fmyslov\u00e9ho cukru zaji\u0161\u0165uje ide\u00e1ln\u00ed p\u0159\u00edsun \u017eivin pro poko\u017eku.<\/li><\/ul>\n\n\n\n<ul class=\"wp-block-list\"><li><strong>Obli\u010dejov\u00e1 gymnastika a mas\u00e1\u017ee<\/strong>: Podporuj\u00ed tvorbu kolagenu, a t\u00edm zabra\u0148uj\u00ed tvorb\u011b vr\u00e1sek a jejich p\u0159ed\u010dasn\u00e9mu zv\u00fdrazn\u011bn\u00ed.<\/li><li><strong>Pravideln\u00e9 loup\u00e1n\u00ed<\/strong>Pravideln\u00e9 pou\u017e\u00edv\u00e1n\u00ed jemn\u00fdch peeling\u016f odstra\u0148uje odum\u0159el\u00e9 ko\u017en\u00ed bu\u0148ky a dod\u00e1v\u00e1 pleti rovnom\u011brn\u011bj\u0161\u00ed a vypnut\u011bj\u0161\u00ed vzhled. Krom\u011b toho se nesm\u00edrn\u011b stimuluje bun\u011b\u010dn\u00e1 aktivita.&nbsp;<\/li><li><strong>Spr\u00e1vn\u00e1 p\u00e9\u010de o obli\u010dej<\/strong>Hydrata\u010dn\u00ed kr\u00e9my podporuj\u00ed bun\u011b\u010dn\u00fd metabolismus, a t\u00edm zvy\u0161uj\u00ed schopnost regenerace poko\u017eky! Doporu\u010dujeme vysoce kvalitn\u00ed kr\u00e9m proti st\u00e1rnut\u00ed pleti Lavuj, kter\u00fd je vyr\u00e1b\u011bn bez hormon\u016f a pouze z vysoce kvalitn\u00edch slo\u017eek, a tak p\u0159i dlouhodob\u00e9m pou\u017e\u00edv\u00e1n\u00ed poskytuje skute\u010dn\u00fd botoxov\u00fd efekt!&nbsp;<\/li><\/ul>\n\n\n\n<h3 class=\"wp-block-heading\" id=\"h-das-solltest-du-vermeiden\">Tomu byste se m\u011bli vyhnout:<\/h3>\n\n\n\n<ul class=\"wp-block-list\"><li><strong>Nadm\u011brn\u00e1 konzumace alkoholu<\/strong>Alkohol t\u011blo dehydratuje a poko\u017eka ztr\u00e1c\u00ed pot\u0159ebnou vlhkost, kter\u00e1 ji udr\u017euje pevnou a pru\u017enou!<\/li><li><strong>Kou\u0159en\u00ed<\/strong>Zv\u00fd\u0161en\u00e1 kontrakce rt\u016f p\u0159i potahov\u00e1n\u00ed z cigarety v\u00fdrazn\u011b podporuje tvorbu perior\u00e1ln\u00edch vr\u00e1sek. Nikotin je nav\u00edc pro ko\u017en\u00ed bu\u0148ky jedovat\u00fd.<\/li><li><strong>Nedostatek sp\u00e1nku<\/strong>B\u011bhem noci prob\u00edhaj\u00ed p\u0159irozen\u00e9 regenera\u010dn\u00ed procesy poko\u017eky na pln\u00e9 obr\u00e1tky. Voln\u00e9 radik\u00e1ly se samy odbour\u00e1vaj\u00ed a struktur\u00e1ln\u00ed po\u0161kozen\u00ed poko\u017eky se opravuje. Skute\u010dn\u00fd z\u00e1zrak - dop\u0159ejte si tedy dostatek sp\u00e1nku pro svou kr\u00e1su!<\/li><li><strong>Siln\u00e9 slune\u010dn\u00ed z\u00e1\u0159en\u00ed<\/strong>Slune\u010dn\u00ed z\u00e1\u0159en\u00ed je jist\u011b dobr\u00e9 pro du\u0161i, ale p\u0159\u00edli\u0161 mnoho UV z\u00e1\u0159en\u00ed po\u0161kozuje struktur\u00e1ln\u00ed bu\u0148ky k\u016f\u017ee a podporuje nejen st\u00e1rnut\u00ed k\u016f\u017ee, ale tak\u00e9 riziko rakoviny k\u016f\u017ee. Proto je nejlep\u0161\u00ed pou\u017e\u00edvat denn\u011b kr\u00e9m na obli\u010dej s ochrann\u00fdm slune\u010dn\u00edm faktorem!&nbsp;<\/li><\/ul>\n\n\n\n<h2 class=\"wp-block-heading\" id=\"h-warum-die-anti-aging-creme-von-lavuj-so-wirksam-ist\"><strong>Pro\u010d je Lavuj Anti Aging Cream tak \u00fa\u010dinn\u00fd!<\/strong><\/h2>\n\n\n\n<p>Samoz\u0159ejm\u011b v p\u0159\u00edpad\u011b v\u00fdrazn\u00fdch vr\u00e1sek, kter\u00e9 v\u00e1s velmi t\u00ed\u017e\u00ed, m\u016f\u017eete v\u017edy nav\u0161t\u00edvit kosmetick\u00e9ho l\u00e9ka\u0159e. Pokud v\u0161ak nechcete j\u00edt k l\u00e9ka\u0159i na l\u00e9ka\u0159sk\u00e9 o\u0161et\u0159en\u00ed vr\u00e1sek a rad\u011bji byste se obe\u0161li bez botoxov\u00fdch injekc\u00ed, doporu\u010dujeme vysoce \u00fa\u010dinn\u00fd kr\u00e9m proti st\u00e1rnut\u00ed od Lavuj. P\u0159i dlouhodob\u00e9m pou\u017e\u00edv\u00e1n\u00ed m\u00e1 stejn\u00fd \u00fa\u010dinek jako botoxov\u00e1 k\u00fara - ale bez injekce! Kr\u00e9m proti st\u00e1rnut\u00ed pleti pro mu\u017ee a \u017eeny Lavuj byl vyroben bez hormon\u016f a speci\u00e1ln\u011b pro citlivou ple\u0165 a p\u0159esv\u011bd\u010d\u00ed cenn\u00fdmi slo\u017ekami, jako je nap\u0159\u00edklad vysok\u00e1 d\u00e1vka <a href=\"https:\/\/lavuj.com\/cs\/hyaluron\/\">Hyaluron<\/a>Siln\u00e1 \u00fa\u010dinn\u00e1 l\u00e1tka astaxanthin, bylinn\u00e9 extrakty, iontov\u00e1 voda bohat\u00e1 na miner\u00e1ly a t\u0159i r\u016fzn\u00e9 l\u00e9\u010div\u00e9 oleje. <\/p>\n\n\n\n<p>Opravdu neuv\u011b\u0159iteln\u00e9 je, \u017ee prvn\u00ed drobn\u00e9 vr\u00e1sky na obli\u010deji zmiz\u00ed ji\u017e po 24 hodin\u00e1ch. P\u0159i ka\u017edodenn\u00ed aplikaci r\u00e1no a ve\u010der se \u00fa\u010dinek botoxu dostav\u00ed po 28 dnech a trv\u00e1 p\u0159ibli\u017en\u011b p\u011bt m\u011bs\u00edc\u016f. Tato doba se samoz\u0159ejm\u011b m\u00edrn\u011b li\u0161\u00ed v z\u00e1vislosti na typu pleti, pohlav\u00ed a v\u011bku. Pokud v\u0161ak chcete sv\u00e9 pleti dodat vizu\u00e1ln\u00ed sv\u011b\u017eest, s t\u00edmto kr\u00e9mem neud\u011bl\u00e1te chybu. Mimochodem, nepom\u00e1h\u00e1 jen s vr\u00e1skami kolem \u00fast, ale bojuje tak\u00e9 s neobl\u00edben\u00fdmi vr\u00e1skami na \u010dele a obecn\u011b s vr\u00e1skami kolem o\u010d\u00ed, tzv. ku\u0159\u00edmi okny.&nbsp;<\/p>\n\n\n\n<h2 class=\"wp-block-heading\" id=\"h-faqs\"><strong>Nej\u010dast\u011bj\u0161\u00ed dotazy<\/strong><\/h2>\n\n\n\t\t<section\t\thelp class=\"sc_fs_faq sc_card\"\n\t\t\t\t>\n\t\t\t\t<h3>Existuj\u00ed tak\u00e9 dom\u00e1c\u00ed prost\u0159edky na vr\u00e1sky kolem \u00fast?<\/h3>\t\t\t\t<div>\n\t\t\t\t\t\t<div class=\"sc_fs_faq__content\">\n\t\t\t\t\n\n<p>Jist\u011b! Aloe vera je sou\u010d\u00e1st\u00ed mnoha kosmetick\u00fdch produkt\u016f z n\u011bjak\u00e9ho d\u016fvodu. Krom\u011b toho je kokosov\u00fd olej skute\u010dnou z\u00e1zra\u010dnou zbran\u00ed pro ple\u0165.<\/p>\n\n\t\t\t<\/div>\n\t\t<\/div>\n\t\t<\/section>\n\t\t\t\t<section\t\thelp class=\"sc_fs_faq sc_card\"\n\t\t\t\t>\n\t\t\t\t<h3>D\u00e1 se vr\u00e1sk\u00e1m p\u0159edch\u00e1zet tak\u00e9 pomoc\u00ed superpotravin?<\/h3>\t\t\t\t<div>\n\t\t\t\t\t\t<div class=\"sc_fs_faq__content\">\n\t\t\t\t\n\n<p>Zdrav\u00e1 strava je pro pevnou ple\u0165 velmi d\u016fle\u017eit\u00e1, jak je uvedeno v\u00fd\u0161e! Obzvl\u00e1\u0161t\u011b dobr\u00fdm tipem na superpotravinu jsou mandle: Obsahuj\u00ed spoustu cenn\u00e9 vl\u00e1kniny, kyselinu olejovou a listovou, vitamin E, v\u00e1pn\u00edk a zinek. Pokud budete j\u00edst mandle ka\u017ed\u00fd den, rozhodn\u011b d\u011bl\u00e1te n\u011bco dobr\u00e9ho pro svou ple\u0165.&nbsp;<\/p>\n\n\t\t\t<\/div>\n\t\t<\/div>\n\t\t<\/section>\n\t\t\t\t<section\t\thelp class=\"sc_fs_faq sc_card\"\n\t\t\t\t>\n\t\t\t\t<h3>Doporu\u010duj\u00ed se dopl\u0148ky stravy?<\/h3>\t\t\t\t<div>\n\t\t\t\t\t\t<div class=\"sc_fs_faq__content\">\n\t\t\t\t\n\n<p>Antioxida\u010dn\u00ed vitaminy mohou b\u00fdt dobrou podporou v boji proti vr\u00e1sk\u00e1m. Vitam\u00edny A, C a E pat\u0159\u00ed mezi nej\u010dast\u011bji pou\u017e\u00edvan\u00e9 vitam\u00edny v p\u0159\u00edpravc\u00edch proti vr\u00e1sk\u00e1m. Maj\u00ed vy\u017eivuj\u00edc\u00ed a regula\u010dn\u00ed \u00fa\u010dinek na ko\u017en\u00ed bu\u0148ky. V\u017edy v\u0161ak doporu\u010dujeme nav\u00edc kvalitn\u00ed p\u00e9\u010di o obli\u010dej, nap\u0159\u00edklad kr\u00e9m proti st\u00e1rnut\u00ed od Lavuj.<\/p>\n\n\t\t\t<\/div>\n\t\t<\/div>\n\t\t<\/section>\n\t\t\n<script type=\"application\/ld+json\">{\n    \"@context\": \"https:\\\/\\\/schema.org\",\n    \"@type\": \"FAQPage\",\n    \"mainEntity\": [\n        {\n            \"@type\": \"Question\",\n            \"name\": \"Gibt es auch Hausmittel gegen Falten um den Mund?\",\n            \"acceptedAnswer\": {\n                \"@type\": \"Answer\",\n                \"text\": \"<p>Klar! Aloe Vera ist nicht ohne Grund in vielen Beautyprodukten enthalten. Au\\u00dferdem ist Kokos\\u00f6l eine echte Wunderwaffe f\\u00fcr die Haut.<\\\/p>\"\n            }\n        },\n        {\n            \"@type\": \"Question\",\n            \"name\": \"L\\u00e4sst sich auch mit Superfood Faltenbildung verhindern?\",\n            \"acceptedAnswer\": {\n                \"@type\": \"Answer\",\n                \"text\": \"<p>Eine gesunde Ern\\u00e4hrung ist f\\u00fcr eine straffe Haut, wie oben erw\\u00e4hnt, sehr wichtig! Ein besonders guter Superfood-Tipp sind Mandeln: In ihnen stecken jede Menge wertvolle Ballaststoffe, \\u00d6l- und Fols\\u00e4ure, Vitamin E, Kalzium und Zink. Wer jeden Tag Mandeln nascht, tut seiner Haut auf jeden Fall etwas Gutes.&nbsp;<\\\/p>\"\n            }\n        },\n        {\n            \"@type\": \"Question\",\n            \"name\": \"Sind Nahrungserg\\u00e4nzungsmittel empfehlenswert?\",\n            \"acceptedAnswer\": {\n                \"@type\": \"Answer\",\n                \"text\": \"<p>Antioxidative Vitamine k\\u00f6nnen im Kampf gegen Falten eine gute Unterst\\u00fctzung bieten. Vitamin A, C und E geh\\u00f6ren zu den am h\\u00e4ufigsten in Anti Falten Pr\\u00e4paraten verwendeten Vitaminen. Sie haben eine n\\u00e4hrende und regulierende Wirkung auf die Hautzellen. Allerdings empfehlen wir zus\\u00e4tzlich immer eine hochwertige Gesichtspflege wie zum Beispiel die Anti Aging Creme von Lavuj.<\\\/p>\"\n            }\n        }\n    ]\n}<\/script>","protected":false},"excerpt":{"rendered":"<p>Lachen ist gesund und etwas Wundersch\u00f6nes! Es tut zweifellos der Seele gut. Doch leider entstehen durch die Mimik mit der Zeit unsch\u00f6ne Falten. Vor allem die unbeliebten Mundfalten! Die traurige [&hellip;]<\/p>","protected":false},"author":2,"featured_media":127,"comment_status":"open","ping_status":"open","sticky":false,"template":"","format":"standard","meta":{"_uag_custom_page_level_css":"","advgb_blocks_editor_width":"","advgb_blocks_columns_visual_guide":"","site-sidebar-layout":"default","site-content-layout":"","ast-site-content-layout":"default","site-content-style":"default","site-sidebar-style":"default","ast-global-header-display":"","ast-banner-title-visibility":"","ast-main-header-display":"","ast-hfb-above-header-display":"","ast-hfb-below-header-display":"","ast-hfb-mobile-header-display":"","site-post-title":"","ast-breadcrumbs-content":"","ast-featured-img":"","footer-sml-layout":"","ast-disable-related-posts":"","theme-transparent-header-meta":"","adv-header-id-meta":"","stick-header-meta":"","header-above-stick-meta":"","header-main-stick-meta":"","header-below-stick-meta":"","astra-migrate-meta-layouts":"default","ast-page-background-enabled":"default","ast-page-background-meta":{"desktop":{"background-color":"","background-image":"","background-repeat":"repeat","background-position":"center center","background-size":"auto","background-attachment":"scroll","background-type":"","background-media":"","overlay-type":"","overlay-color":"","overlay-opacity":"","overlay-gradient":""},"tablet":{"background-color":"","background-image":"","background-repeat":"repeat","background-position":"center center","background-size":"auto","background-attachment":"scroll","background-type":"","background-media":"","overlay-type":"","overlay-color":"","overlay-opacity":"","overlay-gradient":""},"mobile":{"background-color":"","background-image":"","background-repeat":"repeat","background-position":"center center","background-size":"auto","background-attachment":"scroll","background-type":"","background-media":"","overlay-type":"","overlay-color":"","overlay-opacity":"","overlay-gradient":""}},"ast-content-background-meta":{"desktop":{"background-color":"var(--ast-global-color-5)","background-image":"","background-repeat":"repeat","background-position":"center center","background-size":"auto","background-attachment":"scroll","background-type":"","background-media":"","overlay-type":"","overlay-color":"","overlay-opacity":"","overlay-gradient":""},"tablet":{"background-color":"var(--ast-global-color-5)","background-image":"","background-repeat":"repeat","background-position":"center center","background-size":"auto","background-attachment":"scroll","background-type":"","background-media":"","overlay-type":"","overlay-color":"","overlay-opacity":"","overlay-gradient":""},"mobile":{"background-color":"var(--ast-global-color-5)","background-image":"","background-repeat":"repeat","background-position":"center center","background-size":"auto","background-attachment":"scroll","background-type":"","background-media":"","overlay-type":"","overlay-color":"","overlay-opacity":"","overlay-gradient":""}},"footnotes":""},"categories":[33,32],"tags":[],"class_list":["post-126","post","type-post","status-publish","format-standard","has-post-thumbnail","hentry","category-behandlung","category-gesundheit"],"yoast_head":"<!-- This site is optimized with the Yoast SEO Premium plugin v23.4 (Yoast SEO v26.6) - https:\/\/yoast.com\/wordpress\/plugins\/seo\/ -->\n<title>Was hilft gegen Falten um den Mund? | Lavuj<\/title>\n<meta name=\"description\" content=\"Wir geben dir Tipps was du gegen Falten um den Mund tun kannst. Diese Mittel helfen wirklich. K\u00f6nnen Cremen oder Hausmittel helfen?\" \/>\n<meta name=\"robots\" content=\"index, follow, max-snippet:-1, max-image-preview:large, max-video-preview:-1\" \/>\n<link rel=\"canonical\" href=\"https:\/\/lavuj.com\/cs\/co-pomaha-proti-vraskam-kolem-ust\/\" \/>\n<meta property=\"og:locale\" content=\"cs_CZ\" \/>\n<meta property=\"og:type\" content=\"article\" \/>\n<meta property=\"og:title\" content=\"Was hilft gegen Falten um den Mund?\" \/>\n<meta property=\"og:description\" content=\"Wir geben dir Tipps was du gegen Falten um den Mund tun kannst. Diese Mittel helfen wirklich. K\u00f6nnen Cremen oder Hausmittel helfen?\" \/>\n<meta property=\"og:url\" content=\"https:\/\/lavuj.com\/cs\/co-pomaha-proti-vraskam-kolem-ust\/\" \/>\n<meta property=\"og:site_name\" content=\"Lavuj\" \/>\n<meta property=\"article:published_time\" content=\"2021-11-14T15:34:29+00:00\" \/>\n<meta property=\"article:modified_time\" content=\"2022-01-20T15:12:14+00:00\" \/>\n<meta property=\"og:image\" content=\"https:\/\/lavuj.com\/wp-content\/uploads\/2021\/11\/Was-hilft-gegen-Falten-um-den-Mund-.jpg\" \/>\n\t<meta property=\"og:image:width\" content=\"820\" \/>\n\t<meta property=\"og:image:height\" content=\"547\" \/>\n\t<meta property=\"og:image:type\" content=\"image\/jpeg\" \/>\n<meta name=\"author\" content=\"Lauren Milas\" \/>\n<meta name=\"twitter:card\" content=\"summary_large_image\" \/>\n<meta name=\"twitter:label1\" content=\"Napsal(a)\" \/>\n\t<meta name=\"twitter:data1\" content=\"Lauren Milas\" \/>\n\t<meta name=\"twitter:label2\" content=\"Odhadovan\u00e1 doba \u010dten\u00ed\" \/>\n\t<meta name=\"twitter:data2\" content=\"7 minut\" \/>\n<script type=\"application\/ld+json\" class=\"yoast-schema-graph\">{\"@context\":\"https:\/\/schema.org\",\"@graph\":[{\"@type\":\"Article\",\"@id\":\"https:\/\/lavuj.com\/was-hilft-gegen-falten-um-den-mund\/#article\",\"isPartOf\":{\"@id\":\"https:\/\/lavuj.com\/was-hilft-gegen-falten-um-den-mund\/\"},\"author\":{\"name\":\"Lauren Milas\",\"@id\":\"https:\/\/lavuj.com\/#\/schema\/person\/d43beba17df882940d5e06ee9f92f0bb\"},\"headline\":\"Was hilft gegen Falten um den Mund?\",\"datePublished\":\"2021-11-14T15:34:29+00:00\",\"dateModified\":\"2022-01-20T15:12:14+00:00\",\"mainEntityOfPage\":{\"@id\":\"https:\/\/lavuj.com\/was-hilft-gegen-falten-um-den-mund\/\"},\"wordCount\":1239,\"commentCount\":0,\"publisher\":{\"@id\":\"https:\/\/lavuj.com\/#organization\"},\"image\":{\"@id\":\"https:\/\/lavuj.com\/was-hilft-gegen-falten-um-den-mund\/#primaryimage\"},\"thumbnailUrl\":\"https:\/\/lavuj.com\/wp-content\/uploads\/2021\/11\/Was-hilft-gegen-Falten-um-den-Mund-.jpg\",\"articleSection\":[\"Behandlung\",\"Gesundheit\"],\"inLanguage\":\"cs\",\"potentialAction\":[{\"@type\":\"CommentAction\",\"name\":\"Comment\",\"target\":[\"https:\/\/lavuj.com\/was-hilft-gegen-falten-um-den-mund\/#respond\"]}]},{\"@type\":\"WebPage\",\"@id\":\"https:\/\/lavuj.com\/was-hilft-gegen-falten-um-den-mund\/\",\"url\":\"https:\/\/lavuj.com\/was-hilft-gegen-falten-um-den-mund\/\",\"name\":\"Was hilft gegen Falten um den Mund? | Lavuj\",\"isPartOf\":{\"@id\":\"https:\/\/lavuj.com\/#website\"},\"primaryImageOfPage\":{\"@id\":\"https:\/\/lavuj.com\/was-hilft-gegen-falten-um-den-mund\/#primaryimage\"},\"image\":{\"@id\":\"https:\/\/lavuj.com\/was-hilft-gegen-falten-um-den-mund\/#primaryimage\"},\"thumbnailUrl\":\"https:\/\/lavuj.com\/wp-content\/uploads\/2021\/11\/Was-hilft-gegen-Falten-um-den-Mund-.jpg\",\"datePublished\":\"2021-11-14T15:34:29+00:00\",\"dateModified\":\"2022-01-20T15:12:14+00:00\",\"description\":\"Wir geben dir Tipps was du gegen Falten um den Mund tun kannst. Diese Mittel helfen wirklich. K\u00f6nnen Cremen oder Hausmittel helfen?\",\"breadcrumb\":{\"@id\":\"https:\/\/lavuj.com\/was-hilft-gegen-falten-um-den-mund\/#breadcrumb\"},\"inLanguage\":\"cs\",\"potentialAction\":[{\"@type\":\"ReadAction\",\"target\":[\"https:\/\/lavuj.com\/was-hilft-gegen-falten-um-den-mund\/\"]}]},{\"@type\":\"ImageObject\",\"inLanguage\":\"cs\",\"@id\":\"https:\/\/lavuj.com\/was-hilft-gegen-falten-um-den-mund\/#primaryimage\",\"url\":\"https:\/\/lavuj.com\/wp-content\/uploads\/2021\/11\/Was-hilft-gegen-Falten-um-den-Mund-.jpg\",\"contentUrl\":\"https:\/\/lavuj.com\/wp-content\/uploads\/2021\/11\/Was-hilft-gegen-Falten-um-den-Mund-.jpg\",\"width\":820,\"height\":547,\"caption\":\"Was-hilft-gegen-Falten-um-den-Mund\"},{\"@type\":\"BreadcrumbList\",\"@id\":\"https:\/\/lavuj.com\/was-hilft-gegen-falten-um-den-mund\/#breadcrumb\",\"itemListElement\":[{\"@type\":\"ListItem\",\"position\":1,\"name\":\"Lavuj\",\"item\":\"https:\/\/lavuj.com\/\"},{\"@type\":\"ListItem\",\"position\":2,\"name\":\"Was hilft gegen Falten um den Mund?\"}]},{\"@type\":\"WebSite\",\"@id\":\"https:\/\/lavuj.com\/#website\",\"url\":\"https:\/\/lavuj.com\/\",\"name\":\"Lavuj\",\"description\":\"Retinol Serum\",\"publisher\":{\"@id\":\"https:\/\/lavuj.com\/#organization\"},\"potentialAction\":[{\"@type\":\"SearchAction\",\"target\":{\"@type\":\"EntryPoint\",\"urlTemplate\":\"https:\/\/lavuj.com\/?s={search_term_string}\"},\"query-input\":{\"@type\":\"PropertyValueSpecification\",\"valueRequired\":true,\"valueName\":\"search_term_string\"}}],\"inLanguage\":\"cs\"},{\"@type\":\"Organization\",\"@id\":\"https:\/\/lavuj.com\/#organization\",\"name\":\"Lavuj\",\"url\":\"https:\/\/lavuj.com\/\",\"logo\":{\"@type\":\"ImageObject\",\"inLanguage\":\"cs\",\"@id\":\"https:\/\/lavuj.com\/#\/schema\/logo\/image\/\",\"url\":\"https:\/\/lavuj.com\/wp-content\/uploads\/2021\/09\/cropped-LAVUJ-LOGO.png\",\"contentUrl\":\"https:\/\/lavuj.com\/wp-content\/uploads\/2021\/09\/cropped-LAVUJ-LOGO.png\",\"width\":191,\"height\":79,\"caption\":\"Lavuj\"},\"image\":{\"@id\":\"https:\/\/lavuj.com\/#\/schema\/logo\/image\/\"}},{\"@type\":\"Person\",\"@id\":\"https:\/\/lavuj.com\/#\/schema\/person\/d43beba17df882940d5e06ee9f92f0bb\",\"name\":\"Lauren Milas\",\"image\":{\"@type\":\"ImageObject\",\"inLanguage\":\"cs\",\"@id\":\"https:\/\/lavuj.com\/#\/schema\/person\/image\/\",\"url\":\"https:\/\/secure.gravatar.com\/avatar\/6649a94460bdc1471ff06e80948d4ffbe268af48916c0b60611cbf7eeba25e0d?s=96&d=mm&r=g\",\"contentUrl\":\"https:\/\/secure.gravatar.com\/avatar\/6649a94460bdc1471ff06e80948d4ffbe268af48916c0b60611cbf7eeba25e0d?s=96&d=mm&r=g\",\"caption\":\"Lauren Milas\"}}]}<\/script>\n<!-- \/ Yoast SEO Premium plugin. -->","yoast_head_json":{"title":"Co pom\u00e1h\u00e1 proti vr\u00e1sk\u00e1m kolem \u00fast? | Lavuj","description":"Porad\u00edme v\u00e1m, co m\u016f\u017eete ud\u011blat proti vr\u00e1sk\u00e1m kolem \u00fast. Tyto prost\u0159edky skute\u010dn\u011b pom\u00e1haj\u00ed. Mohou pomoci kr\u00e9my nebo dom\u00e1c\u00ed prost\u0159edky?","robots":{"index":"index","follow":"follow","max-snippet":"max-snippet:-1","max-image-preview":"max-image-preview:large","max-video-preview":"max-video-preview:-1"},"canonical":"https:\/\/lavuj.com\/cs\/co-pomaha-proti-vraskam-kolem-ust\/","og_locale":"cs_CZ","og_type":"article","og_title":"Was hilft gegen Falten um den Mund?","og_description":"Wir geben dir Tipps was du gegen Falten um den Mund tun kannst. Diese Mittel helfen wirklich. K\u00f6nnen Cremen oder Hausmittel helfen?","og_url":"https:\/\/lavuj.com\/cs\/co-pomaha-proti-vraskam-kolem-ust\/","og_site_name":"Lavuj","article_published_time":"2021-11-14T15:34:29+00:00","article_modified_time":"2022-01-20T15:12:14+00:00","og_image":[{"width":820,"height":547,"url":"https:\/\/lavuj.com\/wp-content\/uploads\/2021\/11\/Was-hilft-gegen-Falten-um-den-Mund-.jpg","type":"image\/jpeg"}],"author":"Lauren Milas","twitter_card":"summary_large_image","twitter_misc":{"Napsal(a)":"Lauren Milas","Odhadovan\u00e1 doba \u010dten\u00ed":"7 minut"},"schema":{"@context":"https:\/\/schema.org","@graph":[{"@type":"Article","@id":"https:\/\/lavuj.com\/was-hilft-gegen-falten-um-den-mund\/#article","isPartOf":{"@id":"https:\/\/lavuj.com\/was-hilft-gegen-falten-um-den-mund\/"},"author":{"name":"Lauren Milas","@id":"https:\/\/lavuj.com\/#\/schema\/person\/d43beba17df882940d5e06ee9f92f0bb"},"headline":"Was hilft gegen Falten um den Mund?","datePublished":"2021-11-14T15:34:29+00:00","dateModified":"2022-01-20T15:12:14+00:00","mainEntityOfPage":{"@id":"https:\/\/lavuj.com\/was-hilft-gegen-falten-um-den-mund\/"},"wordCount":1239,"commentCount":0,"publisher":{"@id":"https:\/\/lavuj.com\/#organization"},"image":{"@id":"https:\/\/lavuj.com\/was-hilft-gegen-falten-um-den-mund\/#primaryimage"},"thumbnailUrl":"https:\/\/lavuj.com\/wp-content\/uploads\/2021\/11\/Was-hilft-gegen-Falten-um-den-Mund-.jpg","articleSection":["Behandlung","Gesundheit"],"inLanguage":"cs","potentialAction":[{"@type":"CommentAction","name":"Comment","target":["https:\/\/lavuj.com\/was-hilft-gegen-falten-um-den-mund\/#respond"]}]},{"@type":"WebPage","@id":"https:\/\/lavuj.com\/was-hilft-gegen-falten-um-den-mund\/","url":"https:\/\/lavuj.com\/was-hilft-gegen-falten-um-den-mund\/","name":"Co pom\u00e1h\u00e1 proti vr\u00e1sk\u00e1m kolem \u00fast? | Lavuj","isPartOf":{"@id":"https:\/\/lavuj.com\/#website"},"primaryImageOfPage":{"@id":"https:\/\/lavuj.com\/was-hilft-gegen-falten-um-den-mund\/#primaryimage"},"image":{"@id":"https:\/\/lavuj.com\/was-hilft-gegen-falten-um-den-mund\/#primaryimage"},"thumbnailUrl":"https:\/\/lavuj.com\/wp-content\/uploads\/2021\/11\/Was-hilft-gegen-Falten-um-den-Mund-.jpg","datePublished":"2021-11-14T15:34:29+00:00","dateModified":"2022-01-20T15:12:14+00:00","description":"Porad\u00edme v\u00e1m, co m\u016f\u017eete ud\u011blat proti vr\u00e1sk\u00e1m kolem \u00fast. Tyto prost\u0159edky skute\u010dn\u011b pom\u00e1haj\u00ed. Mohou pomoci kr\u00e9my nebo dom\u00e1c\u00ed prost\u0159edky?","breadcrumb":{"@id":"https:\/\/lavuj.com\/was-hilft-gegen-falten-um-den-mund\/#breadcrumb"},"inLanguage":"cs","potentialAction":[{"@type":"ReadAction","target":["https:\/\/lavuj.com\/was-hilft-gegen-falten-um-den-mund\/"]}]},{"@type":"ImageObject","inLanguage":"cs","@id":"https:\/\/lavuj.com\/was-hilft-gegen-falten-um-den-mund\/#primaryimage","url":"https:\/\/lavuj.com\/wp-content\/uploads\/2021\/11\/Was-hilft-gegen-Falten-um-den-Mund-.jpg","contentUrl":"https:\/\/lavuj.com\/wp-content\/uploads\/2021\/11\/Was-hilft-gegen-Falten-um-den-Mund-.jpg","width":820,"height":547,"caption":"Was-hilft-gegen-Falten-um-den-Mund"},{"@type":"BreadcrumbList","@id":"https:\/\/lavuj.com\/was-hilft-gegen-falten-um-den-mund\/#breadcrumb","itemListElement":[{"@type":"ListItem","position":1,"name":"Lavuj","item":"https:\/\/lavuj.com\/"},{"@type":"ListItem","position":2,"name":"Was hilft gegen Falten um den Mund?"}]},{"@type":"WebSite","@id":"https:\/\/lavuj.com\/#website","url":"https:\/\/lavuj.com\/","name":"Lavuj","description":"Retinol S\u00e9rum","publisher":{"@id":"https:\/\/lavuj.com\/#organization"},"potentialAction":[{"@type":"SearchAction","target":{"@type":"EntryPoint","urlTemplate":"https:\/\/lavuj.com\/?s={search_term_string}"},"query-input":{"@type":"PropertyValueSpecification","valueRequired":true,"valueName":"search_term_string"}}],"inLanguage":"cs"},{"@type":"Organization","@id":"https:\/\/lavuj.com\/#organization","name":"Lavuj","url":"https:\/\/lavuj.com\/","logo":{"@type":"ImageObject","inLanguage":"cs","@id":"https:\/\/lavuj.com\/#\/schema\/logo\/image\/","url":"https:\/\/lavuj.com\/wp-content\/uploads\/2021\/09\/cropped-LAVUJ-LOGO.png","contentUrl":"https:\/\/lavuj.com\/wp-content\/uploads\/2021\/09\/cropped-LAVUJ-LOGO.png","width":191,"height":79,"caption":"Lavuj"},"image":{"@id":"https:\/\/lavuj.com\/#\/schema\/logo\/image\/"}},{"@type":"Person","@id":"https:\/\/lavuj.com\/#\/schema\/person\/d43beba17df882940d5e06ee9f92f0bb","name":"Lauren Milas","image":{"@type":"ImageObject","inLanguage":"cs","@id":"https:\/\/lavuj.com\/#\/schema\/person\/image\/","url":"https:\/\/secure.gravatar.com\/avatar\/6649a94460bdc1471ff06e80948d4ffbe268af48916c0b60611cbf7eeba25e0d?s=96&d=mm&r=g","contentUrl":"https:\/\/secure.gravatar.com\/avatar\/6649a94460bdc1471ff06e80948d4ffbe268af48916c0b60611cbf7eeba25e0d?s=96&d=mm&r=g","caption":"Lauren Milas"}}]}},"author_meta":{"display_name":"Lauren Milas","author_link":"https:\/\/lavuj.com\/cs\/author\/lauren\/"},"featured_img":"https:\/\/lavuj.com\/wp-content\/uploads\/2021\/11\/Was-hilft-gegen-Falten-um-den-Mund--300x200.jpg","uagb_featured_image_src":{"full":["https:\/\/lavuj.com\/wp-content\/uploads\/2021\/11\/Was-hilft-gegen-Falten-um-den-Mund-.jpg",820,547,false],"thumbnail":["https:\/\/lavuj.com\/wp-content\/uploads\/2021\/11\/Was-hilft-gegen-Falten-um-den-Mund--150x150.jpg",150,150,true],"medium":["https:\/\/lavuj.com\/wp-content\/uploads\/2021\/11\/Was-hilft-gegen-Falten-um-den-Mund--300x200.jpg",300,200,true],"medium_large":["https:\/\/lavuj.com\/wp-content\/uploads\/2021\/11\/Was-hilft-gegen-Falten-um-den-Mund--768x512.jpg",768,512,true],"large":["https:\/\/lavuj.com\/wp-content\/uploads\/2021\/11\/Was-hilft-gegen-Falten-um-den-Mund-.jpg",820,547,false],"1536x1536":["https:\/\/lavuj.com\/wp-content\/uploads\/2021\/11\/Was-hilft-gegen-Falten-um-den-Mund-.jpg",820,547,false],"2048x2048":["https:\/\/lavuj.com\/wp-content\/uploads\/2021\/11\/Was-hilft-gegen-Falten-um-den-Mund-.jpg",820,547,false],"trp-custom-language-flag":["https:\/\/lavuj.com\/wp-content\/uploads\/2021\/11\/Was-hilft-gegen-Falten-um-den-Mund-.jpg",18,12,false],"woocommerce_thumbnail":["https:\/\/lavuj.com\/wp-content\/uploads\/2021\/11\/Was-hilft-gegen-Falten-um-den-Mund--300x300.jpg",300,300,true],"woocommerce_single":["https:\/\/lavuj.com\/wp-content\/uploads\/2021\/11\/Was-hilft-gegen-Falten-um-den-Mund--600x400.jpg",600,400,true],"woocommerce_gallery_thumbnail":["https:\/\/lavuj.com\/wp-content\/uploads\/2021\/11\/Was-hilft-gegen-Falten-um-den-Mund--100x100.jpg",100,100,true]},"uagb_author_info":{"display_name":"Lauren Milas","author_link":"https:\/\/lavuj.com\/cs\/author\/lauren\/"},"uagb_comment_info":28,"uagb_excerpt":"Lachen ist gesund und etwas Wundersch\u00f6nes! Es tut zweifellos der Seele gut. Doch leider entstehen durch die Mimik mit der Zeit unsch\u00f6ne Falten. Vor allem die unbeliebten Mundfalten! Die traurige [&hellip;]","coauthors":[],"tax_additional":{"categories":{"linked":["<a href=\"https:\/\/lavuj.com\/cs\/category\/behandlung\/\" class=\"advgb-post-tax-term\">Behandlung<\/a>","<a href=\"https:\/\/lavuj.com\/cs\/category\/gesundheit\/\" class=\"advgb-post-tax-term\">Gesundheit<\/a>"],"unlinked":["<span class=\"advgb-post-tax-term\">Behandlung<\/span>","<span class=\"advgb-post-tax-term\">Gesundheit<\/span>"]}},"comment_count":"0","relative_dates":{"created":"Posted 4 roky ago","modified":"Updated 4 roky ago"},"absolute_dates":{"created":"Posted on 14. listopadu 2021","modified":"Updated on 20. ledna 2022"},"absolute_dates_time":{"created":"Posted on 14. listopadu 2021 15:34","modified":"Updated on 20. ledna 2022 15:12"},"featured_img_caption":"Was-hilft-gegen-Falten-um-den-Mund","series_order":"","_links":{"self":[{"href":"https:\/\/lavuj.com\/cs\/wp-json\/wp\/v2\/posts\/126","targetHints":{"allow":["GET"]}}],"collection":[{"href":"https:\/\/lavuj.com\/cs\/wp-json\/wp\/v2\/posts"}],"about":[{"href":"https:\/\/lavuj.com\/cs\/wp-json\/wp\/v2\/types\/post"}],"author":[{"embeddable":true,"href":"https:\/\/lavuj.com\/cs\/wp-json\/wp\/v2\/users\/2"}],"replies":[{"embeddable":true,"href":"https:\/\/lavuj.com\/cs\/wp-json\/wp\/v2\/comments?post=126"}],"version-history":[{"count":4,"href":"https:\/\/lavuj.com\/cs\/wp-json\/wp\/v2\/posts\/126\/revisions"}],"predecessor-version":[{"id":218,"href":"https:\/\/lavuj.com\/cs\/wp-json\/wp\/v2\/posts\/126\/revisions\/218"}],"wp:featuredmedia":[{"embeddable":true,"href":"https:\/\/lavuj.com\/cs\/wp-json\/wp\/v2\/media\/127"}],"wp:attachment":[{"href":"https:\/\/lavuj.com\/cs\/wp-json\/wp\/v2\/media?parent=126"}],"wp:term":[{"taxonomy":"category","embeddable":true,"href":"https:\/\/lavuj.com\/cs\/wp-json\/wp\/v2\/categories?post=126"},{"taxonomy":"post_tag","embeddable":true,"href":"https:\/\/lavuj.com\/cs\/wp-json\/wp\/v2\/tags?post=126"}],"curies":[{"name":"wp","href":"https:\/\/api.w.org\/{rel}","templated":true}]}}