{"id":114,"date":"2021-11-14T14:52:23","date_gmt":"2021-11-14T14:52:23","guid":{"rendered":"https:\/\/lavuj.com\/?p=114"},"modified":"2021-11-14T15:06:06","modified_gmt":"2021-11-14T15:06:06","slug":"rides-du-visage-comment-elles-se-forment-et-quest-ce-qui-les-aide","status":"publish","type":"post","link":"https:\/\/lavuj.com\/fr\/rides-du-visage-comment-elles-se-forment-et-quest-ce-qui-les-aide\/","title":{"rendered":"Les rides du visage : Comment se forment-elles et que faire ?"},"content":{"rendered":"<p>Bien s\u00fbr, tout le monde en a un jour ou l'autre : les rides du visage autour des yeux, de la bouche ou du front. La raison principale est le mouvement mim\u00e9tique du visage - mais c'est tout \u00e0 fait naturel ! Les rides montrent que nous avons v\u00e9cu, et c'est bien ainsi. Et qui peut et veut renoncer \u00e0 l'expression mim\u00e9tique ? <\/p>\n\n\n\n<p>Cependant, les rides sont g\u00e9n\u00e9ralement per\u00e7ues comme un probl\u00e8me esth\u00e9tique inesth\u00e9tique, surtout lorsqu'elles apparaissent \u00e0 un \u00e2ge trop jeune. C'est pourquoi l'objectif est de retarder leur apparition le plus longtemps possible. Et cela est possible gr\u00e2ce \u00e0 <a href=\"https:\/\/lavuj.com\/fr\/ce-qui-est-anti-vieillissement\/\">Anti Aging<\/a> de nos jours - si on sait comment s'y prendre ! En effet, le vieillissement de la peau ne d\u00e9pend pas uniquement de facteurs comme la pr\u00e9disposition g\u00e9n\u00e9tique - un mode de vie sain et des soins appropri\u00e9s sont \u00e9galement absolument d\u00e9cisifs pour la guerre.&nbsp;<\/p>\n\n\n\n<h2 class=\"wp-block-heading\" id=\"h-wie-entstehen-gesichtsfalten\"><strong>Comment apparaissent les rides du visage ?<\/strong><\/h2>\n\n\n\n<p>Les rides sont des sillons lin\u00e9aires sur la peau qui r\u00e9sultent d'un plissement de l'\u00e9piderme, appel\u00e9 \u00e9piderme. Celui-ci est provoqu\u00e9 par un manque de production de collag\u00e8ne ou d'approvisionnement de la peau en nutriments et en humidit\u00e9. Le processus visible de vieillissement de la peau commence en effet tr\u00e8s t\u00f4t, \u00e0 savoir entre 20 et 30 ans ! Jusqu'\u00e0 ce moment-l\u00e0, le corps produit suffisamment de collag\u00e8ne. <\/p>\n\n\n\n<p>Le tissu est donc solide, tout en restant \u00e9lastique gr\u00e2ce aux fibres d'\u00e9lastine. Mais avec l'\u00e2ge, la peau produit moins de collag\u00e8ne et d'\u00e9lastine. R\u00e9sultat : les cellules cutan\u00e9es se divisent plus lentement et la teneur en graisse et en eau de la peau diminue \u00e0 vue d'\u0153il. La peau devient donc plus s\u00e8che et plus fine. Dans un premier temps, le vieillissement de la peau du visage se manifeste g\u00e9n\u00e9ralement par de petites rides autour des yeux et des coins de la bouche. Au d\u00e9but, elles n'apparaissent que lorsque le visage est en mouvement en raison des expressions faciales. <\/p>\n\n\n\n<p>Mais \u00e0 un moment donn\u00e9, elles deviennent plus profondes et finissent par devenir permanentes. De plus, le visage perd du volume en raison du rel\u00e2chement du tissu conjonctif. Les traits habituels du visage commencent lentement \u00e0 s'affaisser. Les rides dites de gravit\u00e9 sont per\u00e7ues comme inesth\u00e9tiques en plus des rides classiques du visage. Les exemples classiques sont le double menton, les rides du cou ou les joues tombantes.&nbsp;<\/p>\n\n\n\n<h2 class=\"wp-block-heading\" id=\"h-faltenlehre-welche-arten-von-gesichtsfalten-gibt-es\"><strong>Th\u00e9orie des rides - quels sont les diff\u00e9rents types de rides du visage ?<\/strong><\/h2>\n\n\n\n<figure class=\"wp-block-image size-full\"><img loading=\"lazy\" decoding=\"async\" width=\"600\" height=\"400\" src=\"https:\/\/lavuj.com\/wp-content\/uploads\/2021\/11\/Gesichts-Falten.jpg\" alt=\"Rides du visage\" class=\"wp-image-122\" srcset=\"https:\/\/lavuj.com\/wp-content\/uploads\/2021\/11\/Gesichts-Falten.jpg 600w, https:\/\/lavuj.com\/wp-content\/uploads\/2021\/11\/Gesichts-Falten-300x200.jpg 300w\" sizes=\"auto, (max-width: 600px) 100vw, 600px\" \/><\/figure>\n\n\n\n<p>Pour t'aider \u00e0 t'y retrouver dans le monde complexe de l'anti-\u00e2ge et pour que tu puisses facilement diagnostiquer toi-m\u00eame ce dont tu souffres, nous avons rassembl\u00e9 ici tous les types de traitements conventionnels. <strong>Rides du visage<\/strong> sont r\u00e9pertori\u00e9s.&nbsp;<\/p>\n\n\n\n<ul class=\"wp-block-list\"><li><strong>Sillons nasog\u00e9niens<\/strong>Les rides du nez : On appelle ainsi les rides qui vont des ailes du nez aux coins de la bouche. Elles apparaissent g\u00e9n\u00e9ralement \u00e0 la suite d'une perte de poids importante. Mais aussi par un manque de sommeil, beaucoup de stress, l'alcool et la nicotine.&nbsp;<\/li><li><strong>Rides du nez<\/strong>Elles apparaissent entre l'ar\u00eate du nez et les coins des yeux et sont souvent appel\u00e9es bunny lines (rides de lapin).<\/li><li><strong>Rides du lion<\/strong>Elles sont \u00e9galement appel\u00e9es rides de la glabelle. Il s'agit de rides verticales entre les sourcils. Leur nom vient du fait qu'elles sont dues \u00e0 une contraction fr\u00e9quente des sourcils, par exemple en cas de col\u00e8re ou de soucis. Mais souvent aussi en cas de forte concentration. Ces rides donnent souvent au visage un air s\u00e9v\u00e8re et s\u00e9rieux.<\/li><li><strong>Rides de la marionnette<\/strong>Les rides du coin de la bouche. Elles partent en biais des commissures des l\u00e8vres et descendent jusqu'au bord de la m\u00e2choire inf\u00e9rieure. L'expression du visage prend alors un air triste.&nbsp;<\/li><li><strong>Petites rides<\/strong>Elles apparaissent g\u00e9n\u00e9ralement au niveau des joues, des yeux et du d\u00e9collet\u00e9 et s'\u00e9tendent avec l'\u00e2ge. Elles sont dues \u00e0 une perte d'eau de la peau.&nbsp;<\/li><li><strong>Patte d'oie<\/strong>Il s'agit des petites rides autour des yeux ou des rides du sourire dans le coin lat\u00e9ral de l'\u0153il. Cela est d\u00fb \u00e0 la finesse de la peau autour des yeux, dans laquelle il n'y a pratiquement pas de graisse. De plus, le muscle orbiculaire qui entoure l'\u0153il participe \u00e0 presque tous les mouvements mim\u00e9tiques du visage. Le nom vient du fait que ces rides ressemblent visuellement \u00e0 des pattes de corbeau.&nbsp;<\/li><li><strong>Rides du menton<\/strong>Elles sont aussi commun\u00e9ment appel\u00e9es menton fraise ou menton pav\u00e9. Elles se manifestent par de petites bosses au niveau du menton et sont dues aux mouvements musculaires lors de la parole, lorsque le d\u00e9p\u00f4t de graisse de la peau se rel\u00e2che.&nbsp;<\/li><li><strong>Rides du front<\/strong>On les appelle aussi rides d'inqui\u00e9tude parce qu'elles donnent au visage une expression chagrine. Elles sont g\u00e9n\u00e9ralement dues \u00e0 une contraction des muscles du front en cas de stress.&nbsp;<\/li><li><strong>Rides des l\u00e8vres<\/strong>Les rides situ\u00e9es directement sur les l\u00e8vres sont appel\u00e9es ainsi. Elles sont favoris\u00e9es par le fait que les l\u00e8vres se pincent davantage lorsque l'on fume et s'\u00e9tendent verticalement.&nbsp;<\/li><\/ul>\n\n\n\n<h2 class=\"wp-block-heading\" id=\"h-worauf-muss-ich-achten-um-gesichtsfalten-auf-nat-rliche-art-zu-verlangsamen\"><strong>A quoi dois-je faire attention pour ralentir les rides du visage de mani\u00e8re naturelle ?<\/strong>?<\/h2>\n\n\n\n<p>Dans le domaine de l'anti-\u00e2ge, la pr\u00e9disposition g\u00e9n\u00e9tique n'est pas seule en cause. Il est possible de ralentir consid\u00e9rablement le processus de vieillissement naturel en adoptant un mode de vie sain. Ce \u00e0 quoi il faut faire attention :<\/p>\n\n\n\n<h3 class=\"wp-block-heading\" id=\"h-gesunde-ern-hrung\"><strong>Une alimentation saine<\/strong><\/h3>\n\n\n\n<p>Je peux faire du bien \u00e0 ma peau tous les jours en mangeant correctement. Il est recommand\u00e9 d'adopter un r\u00e9gime alimentaire \u00e9quilibr\u00e9, compos\u00e9 de nombreuses vitamines gr\u00e2ce aux fruits et l\u00e9gumes frais, de prot\u00e9ines de qualit\u00e9 issues des l\u00e9gumineuses et des produits \u00e0 base de soja, d'acides gras polyinsatur\u00e9s et de peu de graisses animales. Il est \u00e9galement recommand\u00e9 de boire beaucoup d'eau pour hydrater la peau de l'int\u00e9rieur !<\/p>\n\n\n\n<h3 class=\"wp-block-heading\" id=\"h-m-glichst-wenig-gift\"><strong>Le moins de poison possible<\/strong><\/h3>\n\n\n\n<p>Bien s\u00fbr, la vie doit aussi \u00eatre amusante ! Mais si vous buvez r\u00e9guli\u00e8rement de l'alcool en exc\u00e8s, vous risquez de perdre la jeunesse de votre peau, car l'alcool d\u00e9shydrate la peau. Fumer est aussi particuli\u00e8rement mauvais. La nicotine est un poison pour la peau. En outre, le fait de tailler r\u00e9guli\u00e8rement les l\u00e8vres provoque une augmentation de ce que l'on appelle les rides des l\u00e8vres et <a href=\"https:\/\/lavuj.com\/fr\/quest-ce-qui-aide-a-combattre-les-rides-autour-de-la-bouche\/\">Rides autour de la bouche<\/a>. En outre, le sucre industriel est \u00e0 \u00e9viter autant que possible, car il r\u00e9duit l'\u00e9lasticit\u00e9 de la peau en raison des produits finaux de glycation et favorise donc \u00e9galement la formation de rides.&nbsp;<\/p>\n\n\n\n<h3 class=\"wp-block-heading\" id=\"h-sport-gegen-anti-aging\"><strong>Le sport contre le vieillissement<\/strong><\/h3>\n\n\n\n<p>Ce n'est pas une blague : en faisant du sport r\u00e9guli\u00e8rement, on peut retarder le processus de vieillissement jusqu'\u00e0 dix ans. L'id\u00e9al est un m\u00e9lange \u00e9quilibr\u00e9 d'entra\u00eenement d'endurance et de musculation. L'entra\u00eenement d'endurance est un bienfait pour le m\u00e9tabolisme et le syst\u00e8me organique. L'entra\u00eenement musculaire est quant \u00e0 lui b\u00e9n\u00e9fique pour les muscles. Et les muscles raffermissent naturellement la peau.<\/p>\n\n\n\n<h3 class=\"wp-block-heading\" id=\"h-schlaf-als-wunderwaffe\"><strong>Le sommeil comme arme miracle<\/strong><\/h3>\n\n\n\n<p>Les processus de r\u00e9g\u00e9n\u00e9ration de la peau fonctionnent \u00e0 plein r\u00e9gime pendant le sommeil. Les radicaux libres sont \u00e9limin\u00e9s et les dommages structurels de la peau sont r\u00e9par\u00e9s d'eux-m\u00eames. C'est pourquoi tu dois absolument t'accorder, ainsi qu'\u00e0 ton corps, suffisamment de sommeil. Un manque de sommeil r\u00e9gulier se r\u00e9percute rapidement sur le visage.&nbsp;<\/p>\n\n\n\n<h3 class=\"wp-block-heading\" id=\"h-sonne-meiden\"><strong>\u00c9viter le soleil<\/strong><\/h3>\n\n\n\n<p>Nous savons tous que le soleil fait du bien \u00e0 l'\u00e2me. Mais avec mod\u00e9ration, s'il vous pla\u00eet ! Trop de rayons UV endommagent les cellules de la peau et sont donc un v\u00e9ritable turbo pour le vieillissement de la peau. C'est pourquoi il faut toujours appliquer une cr\u00e8me pour le visage avec un facteur de protection solaire. Les solariums sont particuli\u00e8rement dangereux. Elles acc\u00e9l\u00e8rent \u00e9norm\u00e9ment le vieillissement de la peau !<\/p>\n\n\n\n<h3 class=\"wp-block-heading\" id=\"h-die-richtige-gesichtscreme\"><strong>La bonne cr\u00e8me pour le visage<\/strong><\/h3>\n\n\n\n<p>Dans le domaine de l'anti-\u00e2ge, il est tr\u00e8s important d'utiliser un soin du visage de qualit\u00e9, car il apporte \u00e0 la peau exactement les substances dont elle a besoin pour para\u00eetre rebondie, sans rides et donc jeune le plus longtemps possible. Nous recommandons la cr\u00e8me anti-\u00e2ge extr\u00eamement efficace de Lavuj, car elle permet d'\u00e9viter de se rendre dans un cabinet de beaut\u00e9. Gr\u00e2ce \u00e0 des ingr\u00e9dients de qualit\u00e9 tels que l'acide hyaluronique, l'astaxanthine, des extraits d'herbes, de l'eau ionique riche en min\u00e9raux et diff\u00e9rentes huiles m\u00e9dicinales, Lavuj aide \u00e0 retarder \u00e9norm\u00e9ment le processus de vieillissement. De plus, Lavuj est fabriqu\u00e9 sans hormones et a \u00e9t\u00e9 sp\u00e9cialement con\u00e7u pour les peaux sensibles. Les premi\u00e8res petites rides du visage disparaissent d\u00e9j\u00e0 24 heures apr\u00e8s la premi\u00e8re application du produit. Si l'on utilise Lavuj tous les jours, matin et soir, pendant 28 jours, on obtient un v\u00e9ritable effet Botox, comme pour le traitement des rides, et on \u00e9conomise compl\u00e8tement l'injection de la toxine botulique, une substance neurotoxique. C'est pourquoi nous sommes de grands fans de la cr\u00e8me anti-\u00e2ge de Lavuj !<\/p>\n\n\n\n<h2 class=\"wp-block-heading\" id=\"h-ist-mesotherapie-hilfreich-bei-falten-im-gesicht\"><strong>La m\u00e9soth\u00e9rapie est-elle utile pour les rides du visage ?<\/strong><\/h2>\n\n\n\n<p>Une nouvelle m\u00e9thode de traitement pour les <strong>Rides du visage<\/strong> est la m\u00e9soth\u00e9rapie esth\u00e9tique ! Il s'agit d'un traitement dermatologique peu invasif qui permet de gommer les rides et de donner \u00e0 la peau un aspect globalement plus ferme et plus jeune. Contrairement aux traitements anti-\u00e2ge traditionnels, la m\u00e9soth\u00e9rapie ne n\u00e9cessite pas d'intervention chirurgicale et pr\u00e9sente donc moins de risques que le traitement au Botox. Il s'agit d'injections de m\u00e9dicaments hom\u00e9opathiques \u00e0 faible dose dans la couche moyenne de la peau sur une p\u00e9riode prolong\u00e9e. Le tout se fait soit avec de fines micro-aiguilles courtes, soit avec un pistolet sp\u00e9cial de m\u00e9soth\u00e9rapie. Des boosters anti-\u00e2ge tels que des co-enzymes, de l'acide hyaluronique, des acides amin\u00e9s, des vitamines et des antioxydants sont utilis\u00e9s. Le m\u00e9lange des substances actives est adapt\u00e9 individuellement au patient, ce qui rend l'efficacit\u00e9 si \u00e9lev\u00e9e. Une consultation pr\u00e9alable approfondie est bien s\u00fbr vivement recommand\u00e9e.<\/p>\n\n\n\n<h2 class=\"wp-block-heading\">Questions et r\u00e9ponses :<\/h2>\n\n\n\t\t<section\t\thelp class=\"sc_fs_faq sc_card\"\n\t\t\t\t>\n\t\t\t\t<h3>Que puis-je faire si le maquillage se d\u00e9pose de mani\u00e8re inesth\u00e9tique dans les rides de mon visage ?<\/h3>\t\t\t\t<div>\n\t\t\t\t\t\t<div class=\"sc_fs_faq__content\">\n\t\t\t\t\n\n<p>Notre conseil d'expert : m\u00e9lange un peu d'huile pour le visage ou un peu de cr\u00e8me hydratante (par exemple la cr\u00e8me anti-\u00e2ge de Lavuj) \u00e0 ton fond de teint. Ainsi, la structure de la peau est plus uniforme et la peau peut \u00eatre plus lumineuse !&nbsp;<\/p>\n\n\t\t\t<\/div>\n\t\t<\/div>\n\t\t<\/section>\n\t\t\t\t<section\t\thelp class=\"sc_fs_faq sc_card\"\n\t\t\t\t>\n\t\t\t\t<h3>La m\u00e9soth\u00e9rapie est-elle douloureuse ?<\/h3>\t\t\t\t<div>\n\t\t\t\t\t\t<div class=\"sc_fs_faq__content\">\n\t\t\t\t\n\n<p>Non. L'injection ne provoque aucune douleur, car le m\u00e9lange individuel de substances actives contient toujours un l\u00e9ger anesth\u00e9siant.&nbsp;<\/p>\n\n\t\t\t<\/div>\n\t\t<\/div>\n\t\t<\/section>\n\t\t\t\t<section\t\thelp class=\"sc_fs_faq sc_card\"\n\t\t\t\t>\n\t\t\t\t<h3>Peut-on utiliser la cr\u00e8me anti-\u00e2ge de Lavuj en tant qu'homme ?<\/h3>\t\t\t\t<div>\n\t\t\t\t\t\t<div class=\"sc_fs_faq__content\">\n\t\t\t\t\n\n<p>Naturellement . Lavuj a \u00e9t\u00e9 con\u00e7u aussi bien pour les femmes que pour les hommes.&nbsp;<\/p>\n\n\t\t\t<\/div>\n\t\t<\/div>\n\t\t<\/section>\n\t\t\n<script type=\"application\/ld+json\">{\n    \"@context\": \"https:\\\/\\\/schema.org\",\n    \"@type\": \"FAQPage\",\n    \"mainEntity\": [\n        {\n            \"@type\": \"Question\",\n            \"name\": \"Was kann ich tun, wenn sich Make-Up in meinen Gesichtsfalten unsch\\u00f6n absetzt?\",\n            \"acceptedAnswer\": {\n                \"@type\": \"Answer\",\n                \"text\": \"<p>Unser Experten-Tipp: Mische etwas Gesichts\\u00f6l oder ein bisschen Feuchtigkeitscreme (zum Beispiel die Anti Aging Creme von Lavuj) in deine Foundation. Dadurch wirkt die Hautstruktur ebenm\\u00e4\\u00dfiger und die Haut kann mehr strahlen!&nbsp;<\\\/p>\"\n            }\n        },\n        {\n            \"@type\": \"Question\",\n            \"name\": \"Ist Mesotherapie schmerzhaft?\",\n            \"acceptedAnswer\": {\n                \"@type\": \"Answer\",\n                \"text\": \"<p>Nein. Die Injektion verursacht keine Schmerzen, da die individuelle Wirkstoff-Mischung auch immer ein leichtes Bet\\u00e4ubungsmittel beinhaltet.&nbsp;<\\\/p>\"\n            }\n        },\n        {\n            \"@type\": \"Question\",\n            \"name\": \"Kann man die Anti Aging Creme von Lavuj auch als Mann verwenden?\",\n            \"acceptedAnswer\": {\n                \"@type\": \"Answer\",\n                \"text\": \"<p>Nat\\u00fcrlich. Lavuj wurde sowohl f\\u00fcr Frauen, als auch f\\u00fcr M\\u00e4nner entwickelt.&nbsp;<\\\/p>\"\n            }\n        }\n    ]\n}<\/script>","protected":false},"excerpt":{"rendered":"<p>Ganz klar \u2013 irgendwann bekommt sie jeder: Gesichtsfalten um die Augen, rund um den Mund oder an der Stirn. Hauptgrund ist die mimische Bewegung des Gesichts \u2013 doch das ist [&hellip;]<\/p>","protected":false},"author":2,"featured_media":115,"comment_status":"open","ping_status":"open","sticky":false,"template":"","format":"standard","meta":{"_uag_custom_page_level_css":"","advgb_blocks_editor_width":"","advgb_blocks_columns_visual_guide":"","site-sidebar-layout":"default","site-content-layout":"","ast-site-content-layout":"default","site-content-style":"default","site-sidebar-style":"default","ast-global-header-display":"","ast-banner-title-visibility":"","ast-main-header-display":"","ast-hfb-above-header-display":"","ast-hfb-below-header-display":"","ast-hfb-mobile-header-display":"","site-post-title":"","ast-breadcrumbs-content":"","ast-featured-img":"","footer-sml-layout":"","ast-disable-related-posts":"","theme-transparent-header-meta":"","adv-header-id-meta":"","stick-header-meta":"","header-above-stick-meta":"","header-main-stick-meta":"","header-below-stick-meta":"","astra-migrate-meta-layouts":"default","ast-page-background-enabled":"default","ast-page-background-meta":{"desktop":{"background-color":"","background-image":"","background-repeat":"repeat","background-position":"center center","background-size":"auto","background-attachment":"scroll","background-type":"","background-media":"","overlay-type":"","overlay-color":"","overlay-opacity":"","overlay-gradient":""},"tablet":{"background-color":"","background-image":"","background-repeat":"repeat","background-position":"center center","background-size":"auto","background-attachment":"scroll","background-type":"","background-media":"","overlay-type":"","overlay-color":"","overlay-opacity":"","overlay-gradient":""},"mobile":{"background-color":"","background-image":"","background-repeat":"repeat","background-position":"center center","background-size":"auto","background-attachment":"scroll","background-type":"","background-media":"","overlay-type":"","overlay-color":"","overlay-opacity":"","overlay-gradient":""}},"ast-content-background-meta":{"desktop":{"background-color":"var(--ast-global-color-5)","background-image":"","background-repeat":"repeat","background-position":"center center","background-size":"auto","background-attachment":"scroll","background-type":"","background-media":"","overlay-type":"","overlay-color":"","overlay-opacity":"","overlay-gradient":""},"tablet":{"background-color":"var(--ast-global-color-5)","background-image":"","background-repeat":"repeat","background-position":"center center","background-size":"auto","background-attachment":"scroll","background-type":"","background-media":"","overlay-type":"","overlay-color":"","overlay-opacity":"","overlay-gradient":""},"mobile":{"background-color":"var(--ast-global-color-5)","background-image":"","background-repeat":"repeat","background-position":"center center","background-size":"auto","background-attachment":"scroll","background-type":"","background-media":"","overlay-type":"","overlay-color":"","overlay-opacity":"","overlay-gradient":""}},"footnotes":""},"categories":[32],"tags":[],"class_list":["post-114","post","type-post","status-publish","format-standard","has-post-thumbnail","hentry","category-gesundheit"],"yoast_head":"<!-- This site is optimized with the Yoast SEO Premium plugin v23.4 (Yoast SEO v26.6) - https:\/\/yoast.com\/wordpress\/plugins\/seo\/ -->\n<title>Gesichtsfalten: Wie sie entstehen und was hilft | Lavuj<\/title>\n<meta name=\"description\" content=\"Warum entstehen Gesichtsfalten und was kann ich gegen Falten im Gesicht tun? Von Bewegung des Gesichts bis hinzu nat\u00fcrlicher Alterung.\" \/>\n<meta name=\"robots\" content=\"index, follow, max-snippet:-1, max-image-preview:large, max-video-preview:-1\" \/>\n<link rel=\"canonical\" href=\"https:\/\/lavuj.com\/fr\/rides-du-visage-comment-elles-se-forment-et-quest-ce-qui-les-aide\/\" \/>\n<meta property=\"og:locale\" content=\"fr_FR\" \/>\n<meta property=\"og:type\" content=\"article\" \/>\n<meta property=\"og:title\" content=\"Gesichtsfalten: Wie sie entstehen und was hilft\" \/>\n<meta property=\"og:description\" content=\"Warum entstehen Gesichtsfalten und was kann ich gegen Falten im Gesicht tun? Von Bewegung des Gesichts bis hinzu nat\u00fcrlicher Alterung.\" \/>\n<meta property=\"og:url\" content=\"https:\/\/lavuj.com\/fr\/rides-du-visage-comment-elles-se-forment-et-quest-ce-qui-les-aide\/\" \/>\n<meta property=\"og:site_name\" content=\"Lavuj\" \/>\n<meta property=\"article:published_time\" content=\"2021-11-14T14:52:23+00:00\" \/>\n<meta property=\"article:modified_time\" content=\"2021-11-14T15:06:06+00:00\" \/>\n<meta property=\"og:image\" content=\"https:\/\/lavuj.com\/wp-content\/uploads\/2021\/11\/Gesichtsfalten.jpg\" \/>\n\t<meta property=\"og:image:width\" content=\"820\" \/>\n\t<meta property=\"og:image:height\" content=\"547\" \/>\n\t<meta property=\"og:image:type\" content=\"image\/jpeg\" \/>\n<meta name=\"author\" content=\"Lauren Milas\" \/>\n<meta name=\"twitter:card\" content=\"summary_large_image\" \/>\n<meta name=\"twitter:label1\" content=\"\u00c9crit par\" \/>\n\t<meta name=\"twitter:data1\" content=\"Lauren Milas\" \/>\n\t<meta name=\"twitter:label2\" content=\"Dur\u00e9e de lecture estim\u00e9e\" \/>\n\t<meta name=\"twitter:data2\" content=\"6 minutes\" \/>\n<script type=\"application\/ld+json\" class=\"yoast-schema-graph\">{\"@context\":\"https:\/\/schema.org\",\"@graph\":[{\"@type\":\"Article\",\"@id\":\"https:\/\/lavuj.com\/gesichtsfalten-wie-sie-entstehen-und-was-hilft\/#article\",\"isPartOf\":{\"@id\":\"https:\/\/lavuj.com\/gesichtsfalten-wie-sie-entstehen-und-was-hilft\/\"},\"author\":{\"name\":\"Lauren Milas\",\"@id\":\"https:\/\/lavuj.com\/#\/schema\/person\/d43beba17df882940d5e06ee9f92f0bb\"},\"headline\":\"Gesichtsfalten: Wie sie entstehen und was hilft\",\"datePublished\":\"2021-11-14T14:52:23+00:00\",\"dateModified\":\"2021-11-14T15:06:06+00:00\",\"mainEntityOfPage\":{\"@id\":\"https:\/\/lavuj.com\/gesichtsfalten-wie-sie-entstehen-und-was-hilft\/\"},\"wordCount\":1416,\"commentCount\":0,\"publisher\":{\"@id\":\"https:\/\/lavuj.com\/#organization\"},\"image\":{\"@id\":\"https:\/\/lavuj.com\/gesichtsfalten-wie-sie-entstehen-und-was-hilft\/#primaryimage\"},\"thumbnailUrl\":\"https:\/\/lavuj.com\/wp-content\/uploads\/2021\/11\/Gesichtsfalten.jpg\",\"articleSection\":[\"Gesundheit\"],\"inLanguage\":\"fr-FR\",\"potentialAction\":[{\"@type\":\"CommentAction\",\"name\":\"Comment\",\"target\":[\"https:\/\/lavuj.com\/gesichtsfalten-wie-sie-entstehen-und-was-hilft\/#respond\"]}]},{\"@type\":\"WebPage\",\"@id\":\"https:\/\/lavuj.com\/gesichtsfalten-wie-sie-entstehen-und-was-hilft\/\",\"url\":\"https:\/\/lavuj.com\/gesichtsfalten-wie-sie-entstehen-und-was-hilft\/\",\"name\":\"Gesichtsfalten: Wie sie entstehen und was hilft | Lavuj\",\"isPartOf\":{\"@id\":\"https:\/\/lavuj.com\/#website\"},\"primaryImageOfPage\":{\"@id\":\"https:\/\/lavuj.com\/gesichtsfalten-wie-sie-entstehen-und-was-hilft\/#primaryimage\"},\"image\":{\"@id\":\"https:\/\/lavuj.com\/gesichtsfalten-wie-sie-entstehen-und-was-hilft\/#primaryimage\"},\"thumbnailUrl\":\"https:\/\/lavuj.com\/wp-content\/uploads\/2021\/11\/Gesichtsfalten.jpg\",\"datePublished\":\"2021-11-14T14:52:23+00:00\",\"dateModified\":\"2021-11-14T15:06:06+00:00\",\"description\":\"Warum entstehen Gesichtsfalten und was kann ich gegen Falten im Gesicht tun? Von Bewegung des Gesichts bis hinzu nat\u00fcrlicher Alterung.\",\"breadcrumb\":{\"@id\":\"https:\/\/lavuj.com\/gesichtsfalten-wie-sie-entstehen-und-was-hilft\/#breadcrumb\"},\"inLanguage\":\"fr-FR\",\"potentialAction\":[{\"@type\":\"ReadAction\",\"target\":[\"https:\/\/lavuj.com\/gesichtsfalten-wie-sie-entstehen-und-was-hilft\/\"]}]},{\"@type\":\"ImageObject\",\"inLanguage\":\"fr-FR\",\"@id\":\"https:\/\/lavuj.com\/gesichtsfalten-wie-sie-entstehen-und-was-hilft\/#primaryimage\",\"url\":\"https:\/\/lavuj.com\/wp-content\/uploads\/2021\/11\/Gesichtsfalten.jpg\",\"contentUrl\":\"https:\/\/lavuj.com\/wp-content\/uploads\/2021\/11\/Gesichtsfalten.jpg\",\"width\":820,\"height\":547,\"caption\":\"Gesichtsfalten\"},{\"@type\":\"BreadcrumbList\",\"@id\":\"https:\/\/lavuj.com\/gesichtsfalten-wie-sie-entstehen-und-was-hilft\/#breadcrumb\",\"itemListElement\":[{\"@type\":\"ListItem\",\"position\":1,\"name\":\"Lavuj\",\"item\":\"https:\/\/lavuj.com\/\"},{\"@type\":\"ListItem\",\"position\":2,\"name\":\"Gesichtsfalten: Wie sie entstehen und was hilft\"}]},{\"@type\":\"WebSite\",\"@id\":\"https:\/\/lavuj.com\/#website\",\"url\":\"https:\/\/lavuj.com\/\",\"name\":\"Lavuj\",\"description\":\"Retinol Serum\",\"publisher\":{\"@id\":\"https:\/\/lavuj.com\/#organization\"},\"potentialAction\":[{\"@type\":\"SearchAction\",\"target\":{\"@type\":\"EntryPoint\",\"urlTemplate\":\"https:\/\/lavuj.com\/?s={search_term_string}\"},\"query-input\":{\"@type\":\"PropertyValueSpecification\",\"valueRequired\":true,\"valueName\":\"search_term_string\"}}],\"inLanguage\":\"fr-FR\"},{\"@type\":\"Organization\",\"@id\":\"https:\/\/lavuj.com\/#organization\",\"name\":\"Lavuj\",\"url\":\"https:\/\/lavuj.com\/\",\"logo\":{\"@type\":\"ImageObject\",\"inLanguage\":\"fr-FR\",\"@id\":\"https:\/\/lavuj.com\/#\/schema\/logo\/image\/\",\"url\":\"https:\/\/lavuj.com\/wp-content\/uploads\/2021\/09\/cropped-LAVUJ-LOGO.png\",\"contentUrl\":\"https:\/\/lavuj.com\/wp-content\/uploads\/2021\/09\/cropped-LAVUJ-LOGO.png\",\"width\":191,\"height\":79,\"caption\":\"Lavuj\"},\"image\":{\"@id\":\"https:\/\/lavuj.com\/#\/schema\/logo\/image\/\"}},{\"@type\":\"Person\",\"@id\":\"https:\/\/lavuj.com\/#\/schema\/person\/d43beba17df882940d5e06ee9f92f0bb\",\"name\":\"Lauren Milas\",\"image\":{\"@type\":\"ImageObject\",\"inLanguage\":\"fr-FR\",\"@id\":\"https:\/\/lavuj.com\/#\/schema\/person\/image\/\",\"url\":\"https:\/\/secure.gravatar.com\/avatar\/6649a94460bdc1471ff06e80948d4ffbe268af48916c0b60611cbf7eeba25e0d?s=96&d=mm&r=g\",\"contentUrl\":\"https:\/\/secure.gravatar.com\/avatar\/6649a94460bdc1471ff06e80948d4ffbe268af48916c0b60611cbf7eeba25e0d?s=96&d=mm&r=g\",\"caption\":\"Lauren Milas\"}}]}<\/script>\n<!-- \/ Yoast SEO Premium plugin. -->","yoast_head_json":{"title":"Les rides du visage : Comment elles apparaissent et ce qui aide | Lavuj","description":"Pourquoi les rides du visage apparaissent-elles et que puis-je faire contre les rides du visage ? Du mouvement du visage au vieillissement naturel.","robots":{"index":"index","follow":"follow","max-snippet":"max-snippet:-1","max-image-preview":"max-image-preview:large","max-video-preview":"max-video-preview:-1"},"canonical":"https:\/\/lavuj.com\/fr\/rides-du-visage-comment-elles-se-forment-et-quest-ce-qui-les-aide\/","og_locale":"fr_FR","og_type":"article","og_title":"Gesichtsfalten: Wie sie entstehen und was hilft","og_description":"Warum entstehen Gesichtsfalten und was kann ich gegen Falten im Gesicht tun? Von Bewegung des Gesichts bis hinzu nat\u00fcrlicher Alterung.","og_url":"https:\/\/lavuj.com\/fr\/rides-du-visage-comment-elles-se-forment-et-quest-ce-qui-les-aide\/","og_site_name":"Lavuj","article_published_time":"2021-11-14T14:52:23+00:00","article_modified_time":"2021-11-14T15:06:06+00:00","og_image":[{"width":820,"height":547,"url":"https:\/\/lavuj.com\/wp-content\/uploads\/2021\/11\/Gesichtsfalten.jpg","type":"image\/jpeg"}],"author":"Lauren Milas","twitter_card":"summary_large_image","twitter_misc":{"\u00c9crit par":"Lauren Milas","Dur\u00e9e de lecture estim\u00e9e":"6 minutes"},"schema":{"@context":"https:\/\/schema.org","@graph":[{"@type":"Article","@id":"https:\/\/lavuj.com\/gesichtsfalten-wie-sie-entstehen-und-was-hilft\/#article","isPartOf":{"@id":"https:\/\/lavuj.com\/gesichtsfalten-wie-sie-entstehen-und-was-hilft\/"},"author":{"name":"Lauren Milas","@id":"https:\/\/lavuj.com\/#\/schema\/person\/d43beba17df882940d5e06ee9f92f0bb"},"headline":"Gesichtsfalten: Wie sie entstehen und was hilft","datePublished":"2021-11-14T14:52:23+00:00","dateModified":"2021-11-14T15:06:06+00:00","mainEntityOfPage":{"@id":"https:\/\/lavuj.com\/gesichtsfalten-wie-sie-entstehen-und-was-hilft\/"},"wordCount":1416,"commentCount":0,"publisher":{"@id":"https:\/\/lavuj.com\/#organization"},"image":{"@id":"https:\/\/lavuj.com\/gesichtsfalten-wie-sie-entstehen-und-was-hilft\/#primaryimage"},"thumbnailUrl":"https:\/\/lavuj.com\/wp-content\/uploads\/2021\/11\/Gesichtsfalten.jpg","articleSection":["Gesundheit"],"inLanguage":"fr-FR","potentialAction":[{"@type":"CommentAction","name":"Comment","target":["https:\/\/lavuj.com\/gesichtsfalten-wie-sie-entstehen-und-was-hilft\/#respond"]}]},{"@type":"WebPage","@id":"https:\/\/lavuj.com\/gesichtsfalten-wie-sie-entstehen-und-was-hilft\/","url":"https:\/\/lavuj.com\/gesichtsfalten-wie-sie-entstehen-und-was-hilft\/","name":"Les rides du visage : Comment elles apparaissent et ce qui aide | Lavuj","isPartOf":{"@id":"https:\/\/lavuj.com\/#website"},"primaryImageOfPage":{"@id":"https:\/\/lavuj.com\/gesichtsfalten-wie-sie-entstehen-und-was-hilft\/#primaryimage"},"image":{"@id":"https:\/\/lavuj.com\/gesichtsfalten-wie-sie-entstehen-und-was-hilft\/#primaryimage"},"thumbnailUrl":"https:\/\/lavuj.com\/wp-content\/uploads\/2021\/11\/Gesichtsfalten.jpg","datePublished":"2021-11-14T14:52:23+00:00","dateModified":"2021-11-14T15:06:06+00:00","description":"Pourquoi les rides du visage apparaissent-elles et que puis-je faire contre les rides du visage ? Du mouvement du visage au vieillissement naturel.","breadcrumb":{"@id":"https:\/\/lavuj.com\/gesichtsfalten-wie-sie-entstehen-und-was-hilft\/#breadcrumb"},"inLanguage":"fr-FR","potentialAction":[{"@type":"ReadAction","target":["https:\/\/lavuj.com\/gesichtsfalten-wie-sie-entstehen-und-was-hilft\/"]}]},{"@type":"ImageObject","inLanguage":"fr-FR","@id":"https:\/\/lavuj.com\/gesichtsfalten-wie-sie-entstehen-und-was-hilft\/#primaryimage","url":"https:\/\/lavuj.com\/wp-content\/uploads\/2021\/11\/Gesichtsfalten.jpg","contentUrl":"https:\/\/lavuj.com\/wp-content\/uploads\/2021\/11\/Gesichtsfalten.jpg","width":820,"height":547,"caption":"Gesichtsfalten"},{"@type":"BreadcrumbList","@id":"https:\/\/lavuj.com\/gesichtsfalten-wie-sie-entstehen-und-was-hilft\/#breadcrumb","itemListElement":[{"@type":"ListItem","position":1,"name":"Lavuj","item":"https:\/\/lavuj.com\/"},{"@type":"ListItem","position":2,"name":"Gesichtsfalten: Wie sie entstehen und was hilft"}]},{"@type":"WebSite","@id":"https:\/\/lavuj.com\/#website","url":"https:\/\/lavuj.com\/","name":"Lavuj","description":"Retinol Serum","publisher":{"@id":"https:\/\/lavuj.com\/#organization"},"potentialAction":[{"@type":"SearchAction","target":{"@type":"EntryPoint","urlTemplate":"https:\/\/lavuj.com\/?s={search_term_string}"},"query-input":{"@type":"PropertyValueSpecification","valueRequired":true,"valueName":"search_term_string"}}],"inLanguage":"fr-FR"},{"@type":"Organization","@id":"https:\/\/lavuj.com\/#organization","name":"Lavuj","url":"https:\/\/lavuj.com\/","logo":{"@type":"ImageObject","inLanguage":"fr-FR","@id":"https:\/\/lavuj.com\/#\/schema\/logo\/image\/","url":"https:\/\/lavuj.com\/wp-content\/uploads\/2021\/09\/cropped-LAVUJ-LOGO.png","contentUrl":"https:\/\/lavuj.com\/wp-content\/uploads\/2021\/09\/cropped-LAVUJ-LOGO.png","width":191,"height":79,"caption":"Lavuj"},"image":{"@id":"https:\/\/lavuj.com\/#\/schema\/logo\/image\/"}},{"@type":"Person","@id":"https:\/\/lavuj.com\/#\/schema\/person\/d43beba17df882940d5e06ee9f92f0bb","name":"Lauren Milas","image":{"@type":"ImageObject","inLanguage":"fr-FR","@id":"https:\/\/lavuj.com\/#\/schema\/person\/image\/","url":"https:\/\/secure.gravatar.com\/avatar\/6649a94460bdc1471ff06e80948d4ffbe268af48916c0b60611cbf7eeba25e0d?s=96&d=mm&r=g","contentUrl":"https:\/\/secure.gravatar.com\/avatar\/6649a94460bdc1471ff06e80948d4ffbe268af48916c0b60611cbf7eeba25e0d?s=96&d=mm&r=g","caption":"Lauren Milas"}}]}},"author_meta":{"display_name":"Lauren Milas","author_link":"https:\/\/lavuj.com\/fr\/author\/lauren\/"},"featured_img":"https:\/\/lavuj.com\/wp-content\/uploads\/2021\/11\/Gesichtsfalten-300x200.jpg","uagb_featured_image_src":{"full":["https:\/\/lavuj.com\/wp-content\/uploads\/2021\/11\/Gesichtsfalten.jpg",820,547,false],"thumbnail":["https:\/\/lavuj.com\/wp-content\/uploads\/2021\/11\/Gesichtsfalten-150x150.jpg",150,150,true],"medium":["https:\/\/lavuj.com\/wp-content\/uploads\/2021\/11\/Gesichtsfalten-300x200.jpg",300,200,true],"medium_large":["https:\/\/lavuj.com\/wp-content\/uploads\/2021\/11\/Gesichtsfalten-768x512.jpg",768,512,true],"large":["https:\/\/lavuj.com\/wp-content\/uploads\/2021\/11\/Gesichtsfalten.jpg",820,547,false],"1536x1536":["https:\/\/lavuj.com\/wp-content\/uploads\/2021\/11\/Gesichtsfalten.jpg",820,547,false],"2048x2048":["https:\/\/lavuj.com\/wp-content\/uploads\/2021\/11\/Gesichtsfalten.jpg",820,547,false],"trp-custom-language-flag":["https:\/\/lavuj.com\/wp-content\/uploads\/2021\/11\/Gesichtsfalten.jpg",18,12,false],"woocommerce_thumbnail":["https:\/\/lavuj.com\/wp-content\/uploads\/2021\/11\/Gesichtsfalten-300x300.jpg",300,300,true],"woocommerce_single":["https:\/\/lavuj.com\/wp-content\/uploads\/2021\/11\/Gesichtsfalten-600x400.jpg",600,400,true],"woocommerce_gallery_thumbnail":["https:\/\/lavuj.com\/wp-content\/uploads\/2021\/11\/Gesichtsfalten-100x100.jpg",100,100,true]},"uagb_author_info":{"display_name":"Lauren Milas","author_link":"https:\/\/lavuj.com\/fr\/author\/lauren\/"},"uagb_comment_info":3,"uagb_excerpt":"Ganz klar \u2013 irgendwann bekommt sie jeder: Gesichtsfalten um die Augen, rund um den Mund oder an der Stirn. Hauptgrund ist die mimische Bewegung des Gesichts \u2013 doch das ist [&hellip;]","coauthors":[],"tax_additional":{"categories":{"linked":["<a href=\"https:\/\/lavuj.com\/fr\/category\/gesundheit\/\" class=\"advgb-post-tax-term\">Gesundheit<\/a>"],"unlinked":["<span class=\"advgb-post-tax-term\">Gesundheit<\/span>"]}},"comment_count":"0","relative_dates":{"created":"Publi\u00e9 4 ans il y a","modified":"Mis \u00e0 jour 4 ans il y a"},"absolute_dates":{"created":"Publi\u00e9 le 14. novembre 2021","modified":"Mise \u00e0 jour le 14. novembre 2021"},"absolute_dates_time":{"created":"Publi\u00e9 le 14. novembre 2021 14:52","modified":"Mise \u00e0 jour le 14. novembre 2021 15:06"},"featured_img_caption":"Gesichtsfalten","series_order":"","_links":{"self":[{"href":"https:\/\/lavuj.com\/fr\/wp-json\/wp\/v2\/posts\/114","targetHints":{"allow":["GET"]}}],"collection":[{"href":"https:\/\/lavuj.com\/fr\/wp-json\/wp\/v2\/posts"}],"about":[{"href":"https:\/\/lavuj.com\/fr\/wp-json\/wp\/v2\/types\/post"}],"author":[{"embeddable":true,"href":"https:\/\/lavuj.com\/fr\/wp-json\/wp\/v2\/users\/2"}],"replies":[{"embeddable":true,"href":"https:\/\/lavuj.com\/fr\/wp-json\/wp\/v2\/comments?post=114"}],"version-history":[{"count":6,"href":"https:\/\/lavuj.com\/fr\/wp-json\/wp\/v2\/posts\/114\/revisions"}],"predecessor-version":[{"id":124,"href":"https:\/\/lavuj.com\/fr\/wp-json\/wp\/v2\/posts\/114\/revisions\/124"}],"wp:featuredmedia":[{"embeddable":true,"href":"https:\/\/lavuj.com\/fr\/wp-json\/wp\/v2\/media\/115"}],"wp:attachment":[{"href":"https:\/\/lavuj.com\/fr\/wp-json\/wp\/v2\/media?parent=114"}],"wp:term":[{"taxonomy":"category","embeddable":true,"href":"https:\/\/lavuj.com\/fr\/wp-json\/wp\/v2\/categories?post=114"},{"taxonomy":"post_tag","embeddable":true,"href":"https:\/\/lavuj.com\/fr\/wp-json\/wp\/v2\/tags?post=114"}],"curies":[{"name":"wp","href":"https:\/\/api.w.org\/{rel}","templated":true}]}}